{"id":100,"date":"2025-05-26T12:49:20","date_gmt":"2025-05-26T10:49:20","guid":{"rendered":"https:\/\/kleinestagebuch.de\/wp\/?p=100"},"modified":"2025-05-26T13:01:19","modified_gmt":"2025-05-26T11:01:19","slug":"kuenstlerische-selbstbezeichnung-als-strukturakt","status":"publish","type":"post","link":"https:\/\/kleinestagebuch.de\/wp\/archive\/vorv\/kuenstlerische-selbstbezeichnung-als-strukturakt\/","title":{"rendered":"K\u00fcnstlerische Selbstbezeichnung als Strukturakt"},"content":{"rendered":"\n<p><br><strong>Ablage: VORV\/INT\/KULT\/2025\/05<br>AblB: K\u00fcnstlerische Selbstbezeichnung als Strukturakt<br>ElZGre: 0009<br>K\u00fcrzel: HB-S<\/strong><\/p>\n\n\n\n<hr class=\"wp-block-separator has-alpha-channel-opacity\"\/>\n\n\n\n<p><strong>Vermerk<\/strong><\/p>\n\n\n\n<p>Die aktuelle Selbstbezeichnung des K\u00fcnstlers als \u201eAndersen Storm \u2013 The Artist\u201c markiert eine bewusste Erweiterung einer k\u00fcnstlerischen Identit\u00e4t. Diese Namenswahl dient der Vereinheitlichung einer kreativen und beruflichen Aktivit\u00e4ten unter einer einheitlichen Identit\u00e4t. Der Zusatz \u201eThe Artist\u201c betont eine Rolle als interdisziplin\u00e4rer K\u00fcnstler, der an der Schnittstelle von Text, Sprache und Musik arbeitet.<\/p>\n\n\n\n<p>Im Kontext des Manifests \u201eZerfetzt die Kultur\u201c<sup>1,2<\/sup> und der Plattform menschundkultur.de, die Andersen Storm (nun mit dem Zusatz &#8222;The Artist&#8220;) kuratiert, erscheint diese Namenswahl als Teil einer umfassenderen Strategie, die auf eine integrierte k\u00fcnstlerische Kommunikation abzielt. Die Verwendung eines einheitlichen Namens unterst\u00fctzt die Positionierung seiner Arbeit an der Schnittstelle von Text, Sprache und Musik.<\/p>\n\n\n\n<p>Schon die Wahl des Namens \u201eAndersen Storm\u201c kann als symbolischer Akt verstanden werden, der die Verbindung von Tradition (Andersen) und Dynamik (Storm) betont. Dies reflektiert eine k\u00fcnstlerische Haltung, die sowohl auf kulturelle Referenzen als auch auf Bewegung und Ver\u00e4nderung ausgerichtet ist.<\/p>\n\n\n\n<p>Die Umbenennung ist somit nicht nur eine pers\u00f6nliche Entscheidung, sondern auch ein strukturierender Akt, der die k\u00fcnstlerische Identit\u00e4t und die Ausrichtung seiner Projekte konsistent kommuniziert.<\/p>\n\n\n\n<p><sup>1<\/sup> <a href=\"https:\/\/menschundkultur.de\/zerfetzt-die-kultur\/\" target=\"_blank\" rel=\"noreferrer noopener\">https:\/\/menschundkultur.de\/zerfetzt-die-kultur\/<\/a><\/p>\n\n\n\n<p><sup>2<\/sup> <a href=\"https:\/\/kleinestagebuch.de\/wp\/archive\/vorv\/kulturelle-selbstbeschreibung-als-handlungskonzept\/\">VORV\/INT\/KULT\/2025\/05<\/a>, <\/p>\n\n\n\n<p><\/p>\n","protected":false},"excerpt":{"rendered":"<p>Ablage: VORV\/INT\/KULT\/2025\/05AblB: K\u00fcnstlerische Selbstbezeichnung als StrukturaktElZGre: 0009K\u00fcrzel: HB-S Vermerk Die aktuelle Selbstbezeichnung des K\u00fcnstlers als \u201eAndersen Storm \u2013 The Artist\u201c markiert eine bewusste Erweiterung einer k\u00fcnstlerischen Identit\u00e4t. Diese Namenswahl dient der Vereinheitlichung einer kreativen und beruflichen Aktivit\u00e4ten unter einer einheitlichen Identit\u00e4t. Der Zusatz \u201eThe Artist\u201c betont eine Rolle als interdisziplin\u00e4rer K\u00fcnstler, der an der Schnittstelle [&hellip;]<\/p>\n","protected":false},"author":1,"featured_media":46,"comment_status":"open","ping_status":"open","sticky":false,"template":"","format":"standard","meta":{"footnotes":""},"categories":[5,4],"tags":[10,19,15,16],"class_list":["post-100","post","type-post","status-publish","format-standard","has-post-thumbnail","hentry","category-ezf","category-vorv","tag-kult","tag-reputstrg","tag-trans","tag-zstkt"],"_links":{"self":[{"href":"https:\/\/kleinestagebuch.de\/wp\/wp-json\/wp\/v2\/posts\/100","targetHints":{"allow":["GET"]}}],"collection":[{"href":"https:\/\/kleinestagebuch.de\/wp\/wp-json\/wp\/v2\/posts"}],"about":[{"href":"https:\/\/kleinestagebuch.de\/wp\/wp-json\/wp\/v2\/types\/post"}],"author":[{"embeddable":true,"href":"https:\/\/kleinestagebuch.de\/wp\/wp-json\/wp\/v2\/users\/1"}],"replies":[{"embeddable":true,"href":"https:\/\/kleinestagebuch.de\/wp\/wp-json\/wp\/v2\/comments?post=100"}],"version-history":[{"count":3,"href":"https:\/\/kleinestagebuch.de\/wp\/wp-json\/wp\/v2\/posts\/100\/revisions"}],"predecessor-version":[{"id":105,"href":"https:\/\/kleinestagebuch.de\/wp\/wp-json\/wp\/v2\/posts\/100\/revisions\/105"}],"wp:featuredmedia":[{"embeddable":true,"href":"https:\/\/kleinestagebuch.de\/wp\/wp-json\/wp\/v2\/media\/46"}],"wp:attachment":[{"href":"https:\/\/kleinestagebuch.de\/wp\/wp-json\/wp\/v2\/media?parent=100"}],"wp:term":[{"taxonomy":"category","embeddable":true,"href":"https:\/\/kleinestagebuch.de\/wp\/wp-json\/wp\/v2\/categories?post=100"},{"taxonomy":"post_tag","embeddable":true,"href":"https:\/\/kleinestagebuch.de\/wp\/wp-json\/wp\/v2\/tags?post=100"}],"curies":[{"name":"wp","href":"https:\/\/api.w.org\/{rel}","templated":true}]}}